{"id":72,"date":"2016-05-15T18:37:42","date_gmt":"2016-05-15T18:37:42","guid":{"rendered":"http:\/\/lapocalypsedesjours.net\/?p=72"},"modified":"2017-12-02T00:27:15","modified_gmt":"2017-12-02T00:27:15","slug":"de-lomnipresence-de-lapocalypse","status":"publish","type":"post","link":"https:\/\/lapocalypsedesjours.net\/index.php\/2016\/05\/15\/de-lomnipresence-de-lapocalypse\/","title":{"rendered":"De l&rsquo;omnipr\u00e9sence de l&rsquo;Apocalypse"},"content":{"rendered":"<p><a href=\"https:\/\/lapocalypsedesjours.net\/wp-content\/uploads\/2017\/08\/Primeur.jpg\"><img loading=\"lazy\" decoding=\"async\" class=\"alignleft wp-image-73 size-thumbnail\" src=\"https:\/\/lapocalypsedesjours.net\/wp-content\/uploads\/2017\/08\/Primeur-150x150.jpg\" alt=\"\" width=\"150\" height=\"150\" \/><\/a>J\u2019avais \u00e9t\u00e9 bien discr\u00e8te l\u00e0-dessus, mais maintenant je peux le confirmer\u00a0: j\u2019aurai un nouveau livre qui para\u00eetra cet automne. <em>Rendez-vous sur Apocalypse<\/em> sera publi\u00e9 par le toujours excellent \u00e9diteur de mes deux pr\u00e9c\u00e9dents livres\u00a0: Anamorphose. Je viens de recevoir les premi\u00e8res corrections, et ils ont fait du bon travail comme d\u2019habitude (juste assez de r\u00e9visions pour me convaincre que l\u2019\u00e9dition leur tient \u00e0 c\u0153ur, et juste assez peu pour que je garde une assez bonne opinion de mes talents d\u2019\u00e9crivaine, ha ha ha!) Je vous en redonne des nouvelles.<\/p>\n","protected":false},"excerpt":{"rendered":"<p>J\u2019avais \u00e9t\u00e9 bien discr\u00e8te l\u00e0-dessus, mais maintenant je peux le confirmer\u00a0: j\u2019aurai un nouveau livre qui para\u00eetra cet automne. Rendez-vous sur Apocalypse sera publi\u00e9 par le toujours excellent \u00e9diteur de mes deux pr\u00e9c\u00e9dents livres\u00a0: Anamorphose. Je viens de recevoir les premi\u00e8res corrections, et ils ont fait du bon travail comme d\u2019habitude (juste assez de r\u00e9visions &hellip; <\/p>\n<p class=\"link-more\"><a href=\"https:\/\/lapocalypsedesjours.net\/index.php\/2016\/05\/15\/de-lomnipresence-de-lapocalypse\/\" class=\"more-link\">Continuer la lecture<span class=\"screen-reader-text\"> de &laquo;&nbsp;De l&rsquo;omnipr\u00e9sence de l&rsquo;Apocalypse&nbsp;&raquo;<\/span><\/a><\/p>\n","protected":false},"author":2,"featured_media":0,"comment_status":"open","ping_status":"closed","sticky":false,"template":"","format":"standard","meta":{"footnotes":""},"categories":[8,32,7,6,37],"tags":[],"class_list":["post-72","post","type-post","status-publish","format-standard","hentry","category-anamorphose","category-auto-promotion","category-rendez-vous-sur-apocalypse","category-science-fiction","category-titres-de-francoise-prefontaine"],"_links":{"self":[{"href":"https:\/\/lapocalypsedesjours.net\/index.php\/wp-json\/wp\/v2\/posts\/72","targetHints":{"allow":["GET"]}}],"collection":[{"href":"https:\/\/lapocalypsedesjours.net\/index.php\/wp-json\/wp\/v2\/posts"}],"about":[{"href":"https:\/\/lapocalypsedesjours.net\/index.php\/wp-json\/wp\/v2\/types\/post"}],"author":[{"embeddable":true,"href":"https:\/\/lapocalypsedesjours.net\/index.php\/wp-json\/wp\/v2\/users\/2"}],"replies":[{"embeddable":true,"href":"https:\/\/lapocalypsedesjours.net\/index.php\/wp-json\/wp\/v2\/comments?post=72"}],"version-history":[{"count":2,"href":"https:\/\/lapocalypsedesjours.net\/index.php\/wp-json\/wp\/v2\/posts\/72\/revisions"}],"predecessor-version":[{"id":134,"href":"https:\/\/lapocalypsedesjours.net\/index.php\/wp-json\/wp\/v2\/posts\/72\/revisions\/134"}],"wp:attachment":[{"href":"https:\/\/lapocalypsedesjours.net\/index.php\/wp-json\/wp\/v2\/media?parent=72"}],"wp:term":[{"taxonomy":"category","embeddable":true,"href":"https:\/\/lapocalypsedesjours.net\/index.php\/wp-json\/wp\/v2\/categories?post=72"},{"taxonomy":"post_tag","embeddable":true,"href":"https:\/\/lapocalypsedesjours.net\/index.php\/wp-json\/wp\/v2\/tags?post=72"}],"curies":[{"name":"wp","href":"https:\/\/api.w.org\/{rel}","templated":true}]}}