{"id":61,"date":"2015-02-23T18:23:43","date_gmt":"2015-02-23T18:23:43","guid":{"rendered":"http:\/\/lapocalypsedesjours.net\/?p=61"},"modified":"2017-12-02T03:09:43","modified_gmt":"2017-12-02T03:09:43","slug":"critique-litteraire","status":"publish","type":"post","link":"https:\/\/lapocalypsedesjours.net\/index.php\/2015\/02\/23\/critique-litteraire\/","title":{"rendered":"Critique litt\u00e9raire"},"content":{"rendered":"<p><a href=\"https:\/\/lapocalypsedesjours.net\/wp-content\/uploads\/2015\/07\/Slide7.jpg\"><img loading=\"lazy\" decoding=\"async\" class=\"alignleft wp-image-43 size-thumbnail\" src=\"https:\/\/lapocalypsedesjours.net\/wp-content\/uploads\/2015\/07\/Slide7-150x150.jpg\" alt=\"\" width=\"150\" height=\"150\" srcset=\"https:\/\/lapocalypsedesjours.net\/wp-content\/uploads\/2015\/07\/Slide7-150x150.jpg 150w, https:\/\/lapocalypsedesjours.net\/wp-content\/uploads\/2015\/07\/Slide7-300x300.jpg 300w, https:\/\/lapocalypsedesjours.net\/wp-content\/uploads\/2015\/07\/Slide7-768x768.jpg 768w, https:\/\/lapocalypsedesjours.net\/wp-content\/uploads\/2015\/07\/Slide7-1024x1024.jpg 1024w, https:\/\/lapocalypsedesjours.net\/wp-content\/uploads\/2015\/07\/Slide7-1200x1200.jpg 1200w, https:\/\/lapocalypsedesjours.net\/wp-content\/uploads\/2015\/07\/Slide7.jpg 1280w\" sizes=\"auto, (max-width: 150px) 100vw, 150px\" \/><\/a>Si nous avons d\u00e9j\u00e0 discut\u00e9 de litt\u00e9rature ensemble, vous savez ce que je pense de la critique litt\u00e9raire par rapport \u00e0 la science-fiction. Combien le manque d\u2019int\u00e9r\u00eat des critiques pour la SF m\u2019agace, m\u2019indigne ou, au mieux, me laisse perplexe.<\/p>\n<p>Pourquoi on parle si peu de science-fiction dans les chroniques litt\u00e9raires \u00e0 la radio et dans les m\u00e9dias? Est-ce que c\u2019est \u00e0 cause des probl\u00e8mes de diffusion? J\u2019en doute fort. Mon \u00e9diteur fait comme tous les autres\u00a0: il envoie d\u00fbment ses communiqu\u00e9s et ses exemplaires \u00e0 qui de droit. Et ensuite\u2026 le silence. On a un peu parl\u00e9 de mon dernier roman parce qu\u2019il a \u00e9t\u00e9 en nomination pour le Prix des coll\u00e9giens, mais ce fut quand m\u00eame assez minime. Je pourrais toujours me dire qu\u2019on avait peu parl\u00e9 de mon recueil de nouvelles de SF parce que la nouvelle ne vend pas, mais je ne parle pas juste de mes \u0153uvres de toute fa\u00e7on. Il y a d\u2019excellents romans de science-fiction qui se publient chaque ann\u00e9e, et personne, sauf le public initi\u00e9, n\u2019en entend parler.<\/p>\n<p>Et quand on parle de SF \u00e0 la radio, par exemple, c\u2019est pour parler des romans de Stephen King ou J.K. Rowling qui ne sont ni des auteurs d\u2019ici\u2026 ni des auteurs de science-fiction!<\/p>\n<p>On peut se dire que la science-fiction est trop difficile \u00e0 lire lorsqu\u2019on ne conna\u00eet pas cette culture, mais ce serait oublier le fait que lesdits initi\u00e9s ont tous et toutes lu un premier roman de SF \u00e0 un moment ou \u00e0 un autre. Est-ce que cela voudrait dire que la SF n\u2019est pas faite pour tous les cerveaux, tous les temp\u00e9raments? Cela est sans doute en partie vrai. Mais tous les cerveaux ne sont pas faits non plus pour lire <em>Le pendule de Foucault<\/em>, et pourtant le roman a \u00e9t\u00e9 acclam\u00e9.<\/p>\n<p>Je pense surtout qu\u2019il y a beaucoup de pr\u00e9jug\u00e9s et d\u2019id\u00e9es pr\u00e9con\u00e7ues. La plupart des gens qui ne lisent pas de SF connaissent ou croient conna\u00eetre le genre par le truchement du cin\u00e9ma et pensent sans doute que c\u2019est ce qu\u2019ils trouveront dans les livres, alors qu\u2019il n\u2019y a rien de plus inexact. Je me dis aussi qu\u2019il y a peut-\u00eatre un peu de paresse (ou une question de manque de temps). Mes statistiques ne sont peut-\u00eatre pas compl\u00e8tement exactes, mais je dirais que le roman moyen dont on parle dans les chroniques culturelles doit faire \u00e0 peu pr\u00e8s 200 pages alors que le roman moyen de science-fiction avoisine les 400 pages. Quand on a \u00e0 choisir une \u0153uvre pour sa prochaine critique litt\u00e9raire, c\u2019est peut-\u00eatre tentant d\u2019opter pour la plus mince!<\/p>\n","protected":false},"excerpt":{"rendered":"<p>Si nous avons d\u00e9j\u00e0 discut\u00e9 de litt\u00e9rature ensemble, vous savez ce que je pense de la critique litt\u00e9raire par rapport \u00e0 la science-fiction. Combien le manque d\u2019int\u00e9r\u00eat des critiques pour la SF m\u2019agace, m\u2019indigne ou, au mieux, me laisse perplexe. Pourquoi on parle si peu de science-fiction dans les chroniques litt\u00e9raires \u00e0 la radio et &hellip; <\/p>\n<p class=\"link-more\"><a href=\"https:\/\/lapocalypsedesjours.net\/index.php\/2015\/02\/23\/critique-litteraire\/\" class=\"more-link\">Continuer la lecture<span class=\"screen-reader-text\"> de &laquo;&nbsp;Critique litt\u00e9raire&nbsp;&raquo;<\/span><\/a><\/p>\n","protected":false},"author":2,"featured_media":0,"comment_status":"open","ping_status":"closed","sticky":false,"template":"","format":"standard","meta":{"footnotes":""},"categories":[44,15,39,6,38,17],"tags":[],"class_list":["post-61","post","type-post","status-publish","format-standard","hentry","category-le-pendule-de-foucault","category-litterature","category-noms","category-science-fiction","category-titres","category-umberto-eco"],"_links":{"self":[{"href":"https:\/\/lapocalypsedesjours.net\/index.php\/wp-json\/wp\/v2\/posts\/61","targetHints":{"allow":["GET"]}}],"collection":[{"href":"https:\/\/lapocalypsedesjours.net\/index.php\/wp-json\/wp\/v2\/posts"}],"about":[{"href":"https:\/\/lapocalypsedesjours.net\/index.php\/wp-json\/wp\/v2\/types\/post"}],"author":[{"embeddable":true,"href":"https:\/\/lapocalypsedesjours.net\/index.php\/wp-json\/wp\/v2\/users\/2"}],"replies":[{"embeddable":true,"href":"https:\/\/lapocalypsedesjours.net\/index.php\/wp-json\/wp\/v2\/comments?post=61"}],"version-history":[{"count":2,"href":"https:\/\/lapocalypsedesjours.net\/index.php\/wp-json\/wp\/v2\/posts\/61\/revisions"}],"predecessor-version":[{"id":137,"href":"https:\/\/lapocalypsedesjours.net\/index.php\/wp-json\/wp\/v2\/posts\/61\/revisions\/137"}],"wp:attachment":[{"href":"https:\/\/lapocalypsedesjours.net\/index.php\/wp-json\/wp\/v2\/media?parent=61"}],"wp:term":[{"taxonomy":"category","embeddable":true,"href":"https:\/\/lapocalypsedesjours.net\/index.php\/wp-json\/wp\/v2\/categories?post=61"},{"taxonomy":"post_tag","embeddable":true,"href":"https:\/\/lapocalypsedesjours.net\/index.php\/wp-json\/wp\/v2\/tags?post=61"}],"curies":[{"name":"wp","href":"https:\/\/api.w.org\/{rel}","templated":true}]}}