{"id":59,"date":"2015-01-22T18:22:13","date_gmt":"2015-01-22T18:22:13","guid":{"rendered":"http:\/\/lapocalypsedesjours.net\/?p=59"},"modified":"2017-12-02T03:12:11","modified_gmt":"2017-12-02T03:12:11","slug":"qui-veut-me-raconter-une-histoire-de-science-fiction","status":"publish","type":"post","link":"https:\/\/lapocalypsedesjours.net\/index.php\/2015\/01\/22\/qui-veut-me-raconter-une-histoire-de-science-fiction\/","title":{"rendered":"Qui veut me raconter une histoire de science-fiction?"},"content":{"rendered":"<p><a href=\"https:\/\/lapocalypsedesjours.net\/wp-content\/uploads\/2015\/07\/Slide6.jpg\"><img loading=\"lazy\" decoding=\"async\" class=\"alignleft wp-image-42 size-thumbnail\" src=\"https:\/\/lapocalypsedesjours.net\/wp-content\/uploads\/2015\/07\/Slide6-150x150.jpg\" alt=\"\" width=\"150\" height=\"150\" srcset=\"https:\/\/lapocalypsedesjours.net\/wp-content\/uploads\/2015\/07\/Slide6-150x150.jpg 150w, https:\/\/lapocalypsedesjours.net\/wp-content\/uploads\/2015\/07\/Slide6-300x300.jpg 300w, https:\/\/lapocalypsedesjours.net\/wp-content\/uploads\/2015\/07\/Slide6-768x768.jpg 768w, https:\/\/lapocalypsedesjours.net\/wp-content\/uploads\/2015\/07\/Slide6-1024x1024.jpg 1024w, https:\/\/lapocalypsedesjours.net\/wp-content\/uploads\/2015\/07\/Slide6-1200x1200.jpg 1200w, https:\/\/lapocalypsedesjours.net\/wp-content\/uploads\/2015\/07\/Slide6.jpg 1280w\" sizes=\"auto, (max-width: 150px) 100vw, 150px\" \/><\/a>Susan Sontag, sortant des questions f\u00e9ministes, se m\u00eale de pornographie et de science-fiction. Selon elle, dans la SF comme dans la porno, on retrouverait un m\u00eame rapport au temps et \u00e0 l\u2019espace, les m\u00eames \u00ab\u00a0paysages anhistoriques et oniriques\u00a0\u00bb et \u00ab\u00a0actions fig\u00e9es dans le temps\u00a0\u00bb (\u00ab\u00a0The ahistorical dreamlike landscape where action is situated, the peculiarly congealed time in which acts are performed\u2014these occur almost as often in science fiction as they do in pornography\u00a0\u00bb\u00a0: \u00ab\u00a0The Pornographic Imagination\u00a0\u00bb, dans <em>Styles of Radical Will<\/em>, p. 46). Sauf son respect, c\u2019est peut-\u00eatre une grande auteure f\u00e9ministe, et je r\u00e9serve mon jugement \u00e0 propos de la porno, mais elle ne sait pas de quoi elle parle quand elle parle de science-fiction.<\/p>\n<p>Je ne comprends pas comment elle peut d\u00e9crire l\u2019espace de science-fiction comme un espace hors de l\u2019histoire et relevant du r\u00eave alors que j&rsquo;ai l&rsquo;impression que c\u2019est tout le contraire. Les histoires de science-fiction, me semble-t-il, sont extr\u00eamement ancr\u00e9es dans le temps et dans l\u2019espace, parfois jusqu\u2019\u00e0 l\u2019exc\u00e8s. Quand on lit les descriptions dans certains romans, on se dit que Balzac n\u2019a qu\u2019\u00e0 aller se rhabiller avec ses descriptions de tentures faisant des pages enti\u00e8res.<\/p>\n<p>Je pense que Sontag a peut-\u00eatre lu juste quelques romans de <em>space opera<\/em> (\u00e0 la <em>Star Wars<\/em>, disons) o\u00f9 l\u00e0, c\u2019est vrai, on se soucie peu de l\u2019\u00e9chelle du temps. Mais sinon, mon exp\u00e9rience de lectrice me laisse penser que, d\u00e8s premiers temps, il a \u00e9t\u00e9 important dans les histoires de SF, de situer l\u2019action par rapport \u00e0 un pass\u00e9 et \u00e0 un futur. J&rsquo;ai le sentiment que c\u2019est m\u00eame l\u00e0 tout l\u2019enjeu\u00a0: comprendre comment on peut passer d\u2019ici \u00e0 l\u00e0, ou comment ou aurait pu passer d\u2019un ici \u00e0 un ici alternatif si l\u2019histoire s\u2019\u00e9tait d\u00e9roul\u00e9e diff\u00e9remment. Il me semble que c\u2019est de l\u2019<em>hyperhistoire<\/em> plut\u00f4t que de l\u2019<em>anhistoire<\/em>!<\/p>\n","protected":false},"excerpt":{"rendered":"<p>Susan Sontag, sortant des questions f\u00e9ministes, se m\u00eale de pornographie et de science-fiction. Selon elle, dans la SF comme dans la porno, on retrouverait un m\u00eame rapport au temps et \u00e0 l\u2019espace, les m\u00eames \u00ab\u00a0paysages anhistoriques et oniriques\u00a0\u00bb et \u00ab\u00a0actions fig\u00e9es dans le temps\u00a0\u00bb (\u00ab\u00a0The ahistorical dreamlike landscape where action is situated, the peculiarly congealed &hellip; <\/p>\n<p class=\"link-more\"><a href=\"https:\/\/lapocalypsedesjours.net\/index.php\/2015\/01\/22\/qui-veut-me-raconter-une-histoire-de-science-fiction\/\" class=\"more-link\">Continuer la lecture<span class=\"screen-reader-text\"> de &laquo;&nbsp;Qui veut me raconter une histoire de science-fiction?&nbsp;&raquo;<\/span><\/a><\/p>\n","protected":false},"author":2,"featured_media":0,"comment_status":"open","ping_status":"closed","sticky":false,"template":"","format":"standard","meta":{"footnotes":""},"categories":[30,22,6,23],"tags":[],"class_list":["post-59","post","type-post","status-publish","format-standard","hentry","category-ecriture","category-recit","category-science-fiction","category-susan-sontag"],"_links":{"self":[{"href":"https:\/\/lapocalypsedesjours.net\/index.php\/wp-json\/wp\/v2\/posts\/59","targetHints":{"allow":["GET"]}}],"collection":[{"href":"https:\/\/lapocalypsedesjours.net\/index.php\/wp-json\/wp\/v2\/posts"}],"about":[{"href":"https:\/\/lapocalypsedesjours.net\/index.php\/wp-json\/wp\/v2\/types\/post"}],"author":[{"embeddable":true,"href":"https:\/\/lapocalypsedesjours.net\/index.php\/wp-json\/wp\/v2\/users\/2"}],"replies":[{"embeddable":true,"href":"https:\/\/lapocalypsedesjours.net\/index.php\/wp-json\/wp\/v2\/comments?post=59"}],"version-history":[{"count":4,"href":"https:\/\/lapocalypsedesjours.net\/index.php\/wp-json\/wp\/v2\/posts\/59\/revisions"}],"predecessor-version":[{"id":140,"href":"https:\/\/lapocalypsedesjours.net\/index.php\/wp-json\/wp\/v2\/posts\/59\/revisions\/140"}],"wp:attachment":[{"href":"https:\/\/lapocalypsedesjours.net\/index.php\/wp-json\/wp\/v2\/media?parent=59"}],"wp:term":[{"taxonomy":"category","embeddable":true,"href":"https:\/\/lapocalypsedesjours.net\/index.php\/wp-json\/wp\/v2\/categories?post=59"},{"taxonomy":"post_tag","embeddable":true,"href":"https:\/\/lapocalypsedesjours.net\/index.php\/wp-json\/wp\/v2\/tags?post=59"}],"curies":[{"name":"wp","href":"https:\/\/api.w.org\/{rel}","templated":true}]}}